{"id":2439,"date":"2025-03-18T18:26:38","date_gmt":"2025-03-18T18:26:38","guid":{"rendered":"https:\/\/mirracosmeticos.com\/?p=2439"},"modified":"2025-03-28T12:55:55","modified_gmt":"2025-03-28T12:55:55","slug":"miss-curls-o-melhor-tratamento-para-cabelos-cacheados","status":"publish","type":"post","link":"https:\/\/mirracosmeticos.com\/en\/miss-curls-o-melhor-tratamento-para-cabelos-cacheados\/","title":{"rendered":"Miss Curls: The Best Treatment for Curly Hair"},"content":{"rendered":"<p data-start=\"148\" data-end=\"517\">If you're looking for an effective treatment for your curls, the Miss Curls line by Mirra Cosm\u00e9ticos is the ideal solution. Specially developed for curly and coily hair, this line offers deep hydration, definition, and volume control. With exclusive active ingredients, it ensures nourished and detangled strands without weighing them down, while respecting the hair\u2019s natural curl pattern.<\/p>\n<p data-start=\"519\" data-end=\"825\">The Miss Curls formula combines Cocoa + Protein, a powerful complex that strengthens the strands and reduces frizz. From the very first application, hair becomes more manageable, shiny, and healthy. The treatment maintains hydration for longer, ensuring defined curls with balanced volume.<\/p>\n<p data-start=\"827\" data-end=\"1149\">More than just a cosmetic, Miss Curls represents identity and the celebration of natural beauty. Every strand tells a story, and this line was created to honor the authenticity of curly hair. With the right care routine, your curls will have more life, movement, and protection against external damage.<\/p>\n<p data-start=\"1151\" data-end=\"1405\">Try Miss Curls, the treatment line that delivers intense nourishment and enhances the beauty of your curls. Discover the secret to healthy, defined, and shiny hair.<\/p>","protected":false},"excerpt":{"rendered":"<p>Se voc\u00ea busca um tratamento eficaz para seus cachos, a linha Miss Curls, da Mirra Cosm\u00e9ticos, \u00e9 a solu\u00e7\u00e3o ideal. Desenvolvida especialmente para cabelos cacheados e crespos, essa linha oferece hidrata\u00e7\u00e3o profunda, defini\u00e7\u00e3o e controle do volume. Com ativos exclusivos, garante fios nutridos e desembara\u00e7ados sem pesar, respeitando a curvatura natural dos cabelos. A f\u00f3rmula [&hellip;]<\/p>\n","protected":false},"author":1,"featured_media":2479,"comment_status":"open","ping_status":"open","sticky":false,"template":"","format":"standard","meta":{"inline_featured_image":false,"footnotes":""},"categories":[1],"tags":[],"class_list":["post-2439","post","type-post","status-publish","format-standard","has-post-thumbnail","hentry","category-blog"],"yoast_head":"<!-- This site is optimized with the Yoast SEO Premium plugin v24.2 (Yoast SEO v24.2) - https:\/\/yoast.com\/wordpress\/plugins\/seo\/ -->\n<title>Miss Curls: O Melhor Tratamento para Cabelos Cacheados - Mirra Professional<\/title>\n<meta name=\"description\" content=\"Os cabelos cacheados e crespos t\u00eam uma estrutura \u00fanica, que exige cuidados especiais para manter a sa\u00fade, o brilho e a defini\u00e7\u00e3o dos fios. Pensando nisso, a Mirra Cosm\u00e9ticos desenvolveu a linha Miss Curls, uma solu\u00e7\u00e3o completa para quem deseja real\u00e7ar a beleza natural dos cachos sem abrir m\u00e3o da hidrata\u00e7\u00e3o e do controle de volume. Com ativos potentes, essa linha foi criada para fortalecer, nutrir e proporcionar um acabamento impec\u00e1vel desde a primeira aplica\u00e7\u00e3o.\" \/>\n<meta name=\"robots\" content=\"index, follow, max-snippet:-1, max-image-preview:large, max-video-preview:-1\" \/>\n<link rel=\"canonical\" href=\"https:\/\/mirracosmeticos.com\/en\/miss-curls-o-melhor-tratamento-para-cabelos-cacheados\/\" \/>\n<meta property=\"og:locale\" content=\"en_US\" \/>\n<meta property=\"og:type\" content=\"article\" \/>\n<meta property=\"og:title\" content=\"Miss Curls: O Melhor Tratamento para Cabelos Cacheados\" \/>\n<meta property=\"og:description\" content=\"Os cabelos cacheados e crespos t\u00eam uma estrutura \u00fanica, que exige cuidados especiais para manter a sa\u00fade, o brilho e a defini\u00e7\u00e3o dos fios. Pensando nisso, a Mirra Cosm\u00e9ticos desenvolveu a linha Miss Curls, uma solu\u00e7\u00e3o completa para quem deseja real\u00e7ar a beleza natural dos cachos sem abrir m\u00e3o da hidrata\u00e7\u00e3o e do controle de volume. Com ativos potentes, essa linha foi criada para fortalecer, nutrir e proporcionar um acabamento impec\u00e1vel desde a primeira aplica\u00e7\u00e3o.\" \/>\n<meta property=\"og:url\" content=\"https:\/\/mirracosmeticos.com\/en\/miss-curls-o-melhor-tratamento-para-cabelos-cacheados\/\" \/>\n<meta property=\"og:site_name\" content=\"Mirra Professional\" \/>\n<meta property=\"article:published_time\" content=\"2025-03-18T18:26:38+00:00\" \/>\n<meta property=\"article:modified_time\" content=\"2025-03-28T12:55:55+00:00\" \/>\n<meta property=\"og:image\" content=\"https:\/\/mirracosmeticos.com\/wp-content\/uploads\/2025\/03\/Captura-de-tela-de-2025-03-18-15-18-44.jpeg\" \/>\n\t<meta property=\"og:image:width\" content=\"693\" \/>\n\t<meta property=\"og:image:height\" content=\"693\" \/>\n\t<meta property=\"og:image:type\" content=\"image\/jpeg\" \/>\n<meta name=\"author\" content=\"desenvolvedor\" \/>\n<meta name=\"twitter:card\" content=\"summary_large_image\" \/>\n<meta name=\"twitter:label1\" content=\"Written by\" \/>\n\t<meta name=\"twitter:data1\" content=\"desenvolvedor\" \/>\n\t<meta name=\"twitter:label2\" content=\"Est. reading time\" \/>\n\t<meta name=\"twitter:data2\" content=\"2 minutes\" \/>\n<script type=\"application\/ld+json\" class=\"yoast-schema-graph\">{\"@context\":\"https:\/\/schema.org\",\"@graph\":[{\"@type\":\"WebPage\",\"@id\":\"https:\/\/mirracosmeticos.com\/miss-curls-o-melhor-tratamento-para-cabelos-cacheados\/\",\"url\":\"https:\/\/mirracosmeticos.com\/miss-curls-o-melhor-tratamento-para-cabelos-cacheados\/\",\"name\":\"Miss Curls: O Melhor Tratamento para Cabelos Cacheados - Mirra Professional\",\"isPartOf\":{\"@id\":\"https:\/\/mirracosmeticos.com\/#website\"},\"primaryImageOfPage\":{\"@id\":\"https:\/\/mirracosmeticos.com\/miss-curls-o-melhor-tratamento-para-cabelos-cacheados\/#primaryimage\"},\"image\":{\"@id\":\"https:\/\/mirracosmeticos.com\/miss-curls-o-melhor-tratamento-para-cabelos-cacheados\/#primaryimage\"},\"thumbnailUrl\":\"https:\/\/mirracosmeticos.com\/wp-content\/uploads\/2025\/03\/Captura-de-tela-de-2025-03-18-15-18-44.jpeg\",\"datePublished\":\"2025-03-18T18:26:38+00:00\",\"dateModified\":\"2025-03-28T12:55:55+00:00\",\"author\":{\"@id\":\"https:\/\/mirracosmeticos.com\/#\/schema\/person\/7712fe3fda150250036552e7eecb0703\"},\"description\":\"Os cabelos cacheados e crespos t\u00eam uma estrutura \u00fanica, que exige cuidados especiais para manter a sa\u00fade, o brilho e a defini\u00e7\u00e3o dos fios. Pensando nisso, a Mirra Cosm\u00e9ticos desenvolveu a linha Miss Curls, uma solu\u00e7\u00e3o completa para quem deseja real\u00e7ar a beleza natural dos cachos sem abrir m\u00e3o da hidrata\u00e7\u00e3o e do controle de volume. Com ativos potentes, essa linha foi criada para fortalecer, nutrir e proporcionar um acabamento impec\u00e1vel desde a primeira aplica\u00e7\u00e3o.\",\"breadcrumb\":{\"@id\":\"https:\/\/mirracosmeticos.com\/miss-curls-o-melhor-tratamento-para-cabelos-cacheados\/#breadcrumb\"},\"inLanguage\":\"en-US\",\"potentialAction\":[{\"@type\":\"ReadAction\",\"target\":[\"https:\/\/mirracosmeticos.com\/miss-curls-o-melhor-tratamento-para-cabelos-cacheados\/\"]}]},{\"@type\":\"ImageObject\",\"inLanguage\":\"en-US\",\"@id\":\"https:\/\/mirracosmeticos.com\/miss-curls-o-melhor-tratamento-para-cabelos-cacheados\/#primaryimage\",\"url\":\"https:\/\/mirracosmeticos.com\/wp-content\/uploads\/2025\/03\/Captura-de-tela-de-2025-03-18-15-18-44.jpeg\",\"contentUrl\":\"https:\/\/mirracosmeticos.com\/wp-content\/uploads\/2025\/03\/Captura-de-tela-de-2025-03-18-15-18-44.jpeg\",\"width\":693,\"height\":693},{\"@type\":\"BreadcrumbList\",\"@id\":\"https:\/\/mirracosmeticos.com\/miss-curls-o-melhor-tratamento-para-cabelos-cacheados\/#breadcrumb\",\"itemListElement\":[{\"@type\":\"ListItem\",\"position\":1,\"name\":\"In\u00edcio\",\"item\":\"https:\/\/mirracosmeticos.com\/\"},{\"@type\":\"ListItem\",\"position\":2,\"name\":\"Miss Curls: O Melhor Tratamento para Cabelos Cacheados\"}]},{\"@type\":\"WebSite\",\"@id\":\"https:\/\/mirracosmeticos.com\/#website\",\"url\":\"https:\/\/mirracosmeticos.com\/\",\"name\":\"Mirra Professional\",\"description\":\"\",\"potentialAction\":[{\"@type\":\"SearchAction\",\"target\":{\"@type\":\"EntryPoint\",\"urlTemplate\":\"https:\/\/mirracosmeticos.com\/?s={search_term_string}\"},\"query-input\":{\"@type\":\"PropertyValueSpecification\",\"valueRequired\":true,\"valueName\":\"search_term_string\"}}],\"inLanguage\":\"en-US\"},{\"@type\":\"Person\",\"@id\":\"https:\/\/mirracosmeticos.com\/#\/schema\/person\/7712fe3fda150250036552e7eecb0703\",\"name\":\"desenvolvedor\",\"image\":{\"@type\":\"ImageObject\",\"inLanguage\":\"en-US\",\"@id\":\"https:\/\/mirracosmeticos.com\/#\/schema\/person\/image\/\",\"url\":\"https:\/\/secure.gravatar.com\/avatar\/e1f49929f8f6920efd3ac081a66a5325484d71e5c69cc970580dcdec31fd8395?s=96&d=mm&r=g\",\"contentUrl\":\"https:\/\/secure.gravatar.com\/avatar\/e1f49929f8f6920efd3ac081a66a5325484d71e5c69cc970580dcdec31fd8395?s=96&d=mm&r=g\",\"caption\":\"desenvolvedor\"},\"sameAs\":[\"https:\/\/mirracosmeticos.com\"],\"url\":\"https:\/\/mirracosmeticos.com\/en\/author\/desenvolvedor\/\"}]}<\/script>\n<!-- \/ Yoast SEO Premium plugin. -->","yoast_head_json":{"title":"Miss Curls: O Melhor Tratamento para Cabelos Cacheados - Mirra Professional","description":"Os cabelos cacheados e crespos t\u00eam uma estrutura \u00fanica, que exige cuidados especiais para manter a sa\u00fade, o brilho e a defini\u00e7\u00e3o dos fios. Pensando nisso, a Mirra Cosm\u00e9ticos desenvolveu a linha Miss Curls, uma solu\u00e7\u00e3o completa para quem deseja real\u00e7ar a beleza natural dos cachos sem abrir m\u00e3o da hidrata\u00e7\u00e3o e do controle de volume. Com ativos potentes, essa linha foi criada para fortalecer, nutrir e proporcionar um acabamento impec\u00e1vel desde a primeira aplica\u00e7\u00e3o.","robots":{"index":"index","follow":"follow","max-snippet":"max-snippet:-1","max-image-preview":"max-image-preview:large","max-video-preview":"max-video-preview:-1"},"canonical":"https:\/\/mirracosmeticos.com\/en\/miss-curls-o-melhor-tratamento-para-cabelos-cacheados\/","og_locale":"en_US","og_type":"article","og_title":"Miss Curls: O Melhor Tratamento para Cabelos Cacheados","og_description":"Os cabelos cacheados e crespos t\u00eam uma estrutura \u00fanica, que exige cuidados especiais para manter a sa\u00fade, o brilho e a defini\u00e7\u00e3o dos fios. Pensando nisso, a Mirra Cosm\u00e9ticos desenvolveu a linha Miss Curls, uma solu\u00e7\u00e3o completa para quem deseja real\u00e7ar a beleza natural dos cachos sem abrir m\u00e3o da hidrata\u00e7\u00e3o e do controle de volume. Com ativos potentes, essa linha foi criada para fortalecer, nutrir e proporcionar um acabamento impec\u00e1vel desde a primeira aplica\u00e7\u00e3o.","og_url":"https:\/\/mirracosmeticos.com\/en\/miss-curls-o-melhor-tratamento-para-cabelos-cacheados\/","og_site_name":"Mirra Professional","article_published_time":"2025-03-18T18:26:38+00:00","article_modified_time":"2025-03-28T12:55:55+00:00","og_image":[{"width":693,"height":693,"url":"https:\/\/mirracosmeticos.com\/wp-content\/uploads\/2025\/03\/Captura-de-tela-de-2025-03-18-15-18-44.jpeg","type":"image\/jpeg"}],"author":"desenvolvedor","twitter_card":"summary_large_image","twitter_misc":{"Written by":"desenvolvedor","Est. reading time":"2 minutes"},"schema":{"@context":"https:\/\/schema.org","@graph":[{"@type":"WebPage","@id":"https:\/\/mirracosmeticos.com\/miss-curls-o-melhor-tratamento-para-cabelos-cacheados\/","url":"https:\/\/mirracosmeticos.com\/miss-curls-o-melhor-tratamento-para-cabelos-cacheados\/","name":"Miss Curls: O Melhor Tratamento para Cabelos Cacheados - Mirra Professional","isPartOf":{"@id":"https:\/\/mirracosmeticos.com\/#website"},"primaryImageOfPage":{"@id":"https:\/\/mirracosmeticos.com\/miss-curls-o-melhor-tratamento-para-cabelos-cacheados\/#primaryimage"},"image":{"@id":"https:\/\/mirracosmeticos.com\/miss-curls-o-melhor-tratamento-para-cabelos-cacheados\/#primaryimage"},"thumbnailUrl":"https:\/\/mirracosmeticos.com\/wp-content\/uploads\/2025\/03\/Captura-de-tela-de-2025-03-18-15-18-44.jpeg","datePublished":"2025-03-18T18:26:38+00:00","dateModified":"2025-03-28T12:55:55+00:00","author":{"@id":"https:\/\/mirracosmeticos.com\/#\/schema\/person\/7712fe3fda150250036552e7eecb0703"},"description":"Os cabelos cacheados e crespos t\u00eam uma estrutura \u00fanica, que exige cuidados especiais para manter a sa\u00fade, o brilho e a defini\u00e7\u00e3o dos fios. Pensando nisso, a Mirra Cosm\u00e9ticos desenvolveu a linha Miss Curls, uma solu\u00e7\u00e3o completa para quem deseja real\u00e7ar a beleza natural dos cachos sem abrir m\u00e3o da hidrata\u00e7\u00e3o e do controle de volume. Com ativos potentes, essa linha foi criada para fortalecer, nutrir e proporcionar um acabamento impec\u00e1vel desde a primeira aplica\u00e7\u00e3o.","breadcrumb":{"@id":"https:\/\/mirracosmeticos.com\/miss-curls-o-melhor-tratamento-para-cabelos-cacheados\/#breadcrumb"},"inLanguage":"en-US","potentialAction":[{"@type":"ReadAction","target":["https:\/\/mirracosmeticos.com\/miss-curls-o-melhor-tratamento-para-cabelos-cacheados\/"]}]},{"@type":"ImageObject","inLanguage":"en-US","@id":"https:\/\/mirracosmeticos.com\/miss-curls-o-melhor-tratamento-para-cabelos-cacheados\/#primaryimage","url":"https:\/\/mirracosmeticos.com\/wp-content\/uploads\/2025\/03\/Captura-de-tela-de-2025-03-18-15-18-44.jpeg","contentUrl":"https:\/\/mirracosmeticos.com\/wp-content\/uploads\/2025\/03\/Captura-de-tela-de-2025-03-18-15-18-44.jpeg","width":693,"height":693},{"@type":"BreadcrumbList","@id":"https:\/\/mirracosmeticos.com\/miss-curls-o-melhor-tratamento-para-cabelos-cacheados\/#breadcrumb","itemListElement":[{"@type":"ListItem","position":1,"name":"In\u00edcio","item":"https:\/\/mirracosmeticos.com\/"},{"@type":"ListItem","position":2,"name":"Miss Curls: O Melhor Tratamento para Cabelos Cacheados"}]},{"@type":"WebSite","@id":"https:\/\/mirracosmeticos.com\/#website","url":"https:\/\/mirracosmeticos.com\/","name":"Mirra Professional","description":"","potentialAction":[{"@type":"SearchAction","target":{"@type":"EntryPoint","urlTemplate":"https:\/\/mirracosmeticos.com\/?s={search_term_string}"},"query-input":{"@type":"PropertyValueSpecification","valueRequired":true,"valueName":"search_term_string"}}],"inLanguage":"en-US"},{"@type":"Person","@id":"https:\/\/mirracosmeticos.com\/#\/schema\/person\/7712fe3fda150250036552e7eecb0703","name":"desenvolvedor","image":{"@type":"ImageObject","inLanguage":"en-US","@id":"https:\/\/mirracosmeticos.com\/#\/schema\/person\/image\/","url":"https:\/\/secure.gravatar.com\/avatar\/e1f49929f8f6920efd3ac081a66a5325484d71e5c69cc970580dcdec31fd8395?s=96&d=mm&r=g","contentUrl":"https:\/\/secure.gravatar.com\/avatar\/e1f49929f8f6920efd3ac081a66a5325484d71e5c69cc970580dcdec31fd8395?s=96&d=mm&r=g","caption":"desenvolvedor"},"sameAs":["https:\/\/mirracosmeticos.com"],"url":"https:\/\/mirracosmeticos.com\/en\/author\/desenvolvedor\/"}]}},"_links":{"self":[{"href":"https:\/\/mirracosmeticos.com\/en\/wp-json\/wp\/v2\/posts\/2439","targetHints":{"allow":["GET"]}}],"collection":[{"href":"https:\/\/mirracosmeticos.com\/en\/wp-json\/wp\/v2\/posts"}],"about":[{"href":"https:\/\/mirracosmeticos.com\/en\/wp-json\/wp\/v2\/types\/post"}],"author":[{"embeddable":true,"href":"https:\/\/mirracosmeticos.com\/en\/wp-json\/wp\/v2\/users\/1"}],"replies":[{"embeddable":true,"href":"https:\/\/mirracosmeticos.com\/en\/wp-json\/wp\/v2\/comments?post=2439"}],"version-history":[{"count":0,"href":"https:\/\/mirracosmeticos.com\/en\/wp-json\/wp\/v2\/posts\/2439\/revisions"}],"wp:featuredmedia":[{"embeddable":true,"href":"https:\/\/mirracosmeticos.com\/en\/wp-json\/wp\/v2\/media\/2479"}],"wp:attachment":[{"href":"https:\/\/mirracosmeticos.com\/en\/wp-json\/wp\/v2\/media?parent=2439"}],"wp:term":[{"taxonomy":"category","embeddable":true,"href":"https:\/\/mirracosmeticos.com\/en\/wp-json\/wp\/v2\/categories?post=2439"},{"taxonomy":"post_tag","embeddable":true,"href":"https:\/\/mirracosmeticos.com\/en\/wp-json\/wp\/v2\/tags?post=2439"}],"curies":[{"name":"wp","href":"https:\/\/api.w.org\/{rel}","templated":true}]}}